{"id":6472,"date":"2026-04-25T22:50:54","date_gmt":"2026-04-25T20:50:54","guid":{"rendered":"https:\/\/parafiaklebark.pl\/?p=6472"},"modified":"2026-04-26T07:52:05","modified_gmt":"2026-04-26T05:52:05","slug":"4-niedziela-wielkanocna-26-04-2026","status":"publish","type":"post","link":"https:\/\/parafiaklebark.pl\/index.php\/2026\/04\/25\/4-niedziela-wielkanocna-26-04-2026\/","title":{"rendered":"4. Niedziela Wielkanocna (26.04.2026)"},"content":{"rendered":"\n<figure class=\"wp-block-image size-full\"><img loading=\"lazy\" decoding=\"async\" width=\"963\" height=\"622\" src=\"https:\/\/parafiaklebark.pl\/wp-content\/uploads\/2026\/04\/brama-owiec.jpg\" alt=\"\" class=\"wp-image-6473\" srcset=\"https:\/\/parafiaklebark.pl\/wp-content\/uploads\/2026\/04\/brama-owiec.jpg 963w, https:\/\/parafiaklebark.pl\/wp-content\/uploads\/2026\/04\/brama-owiec-300x194.jpg 300w, https:\/\/parafiaklebark.pl\/wp-content\/uploads\/2026\/04\/brama-owiec-768x496.jpg 768w\" sizes=\"auto, (max-width: 963px) 100vw, 963px\" \/><\/figure>\n\n\n\n<p class=\"has-text-align-center has-text-color has-link-color wp-elements-bfd20f49abe9fc3e1a814185ef6a4a9a\" style=\"color:#2e4c01\"><strong><em>Tylko ten jest \u201edobrym pasterzem\u201d, kto prowadzi owce ku jedynej \u201ebramie\u201d, jak\u0105 jest Chrystus. Ten kto pr\u00f3buje prowadzi\u0107 je w inne miejsce jest oszustem, za kt\u00f3rym nie powinno si\u0119 i\u015b\u0107, poniewa\u017c \u201ekto nie wchodzi do owczarni przez bram\u0119, ale wdziera si\u0119 inn\u0105 drog\u0105, <\/em><\/strong><br><strong><em>ten jest z\u0142odziejem i rozb\u00f3jnikiem\u201d<\/em><\/strong><\/p>\n\n\n\n<figure class=\"wp-block-image size-full\"><img loading=\"lazy\" decoding=\"async\" width=\"1000\" height=\"227\" src=\"https:\/\/parafiaklebark.pl\/wp-content\/uploads\/2025\/12\/Logo-bez.jpg\" alt=\"\" class=\"wp-image-6099\" srcset=\"https:\/\/parafiaklebark.pl\/wp-content\/uploads\/2025\/12\/Logo-bez.jpg 1000w, https:\/\/parafiaklebark.pl\/wp-content\/uploads\/2025\/12\/Logo-bez-300x68.jpg 300w, https:\/\/parafiaklebark.pl\/wp-content\/uploads\/2025\/12\/Logo-bez-768x174.jpg 768w\" sizes=\"auto, (max-width: 1000px) 100vw, 1000px\" \/><\/figure>\n\n\n\n<ol class=\"wp-block-list\">\n<li class=\"has-text-color has-link-color wp-elements-f35e66932b47db84db9871eeb5a33dd7\" style=\"color:#562701\"><strong><em>Dzi\u015b po mszy \u015bwi\u0119tej o godz. 12.30 r\u00f3wnolegle dwa spotkania dla dzieci 1-szo komunijnych oraz dla&nbsp;kandydat\u00f3w do bierzmowania.<\/em><\/strong><\/li>\n\n\n\n<li class=\"has-text-color has-link-color wp-elements-75dfde4d1c468488b8b9355e31c35297\" style=\"color:#562701\"><strong><em>W czwartek spotkanie wsp\u00f3lnoty m\u0119skiej o godz. 20.00.<\/em><\/strong><\/li>\n\n\n\n<li class=\"has-text-color has-link-color wp-elements-f74c1337d7207c47fcbb2ab0fff47bab\" style=\"color:#562701\"><strong><em>W tym tygodniu przypada I-szy pi\u0105tek i I-sza sobota miesi\u0105ca.<\/em><\/strong>\n<ul class=\"wp-block-list\">\n<li><strong><em>w pi\u0105tek adoracja Naj\u015bwi\u0119tszego Sakramentu od godz. 17.00.<\/em><\/strong><\/li>\n\n\n\n<li><strong><em>w sobot\u0119 r\u00f3\u017caniec I-szo sobotni o godz. 17.15<\/em><\/strong>.<\/li>\n<\/ul>\n<\/li>\n\n\n\n<li class=\"has-text-color has-link-color wp-elements-db1f2cad02e546bacad3f1d018625f86\" style=\"color:#562701\"><strong><em>Od pi\u0105tku rozpoczynamy nabo\u017ce\u0144stwa majowe. W dni powszednie o&nbsp;17.30, w&nbsp;niedziel\u0119 \u2013 po mszy \u015bw. o godz. 9.00.<\/em><\/strong><\/li>\n\n\n\n<li class=\"has-text-color has-link-color wp-elements-44fcdacf9d2729193b250dce6191209d\" style=\"color:#562701\"><strong><em>Abp J\u00f3zef G\u00f3rzy\u0144ski, na pi\u0105tek 1 maja (dzie\u0144 sprzyjaj\u0105cy spotkaniom rodzinnym i towarzyskim) udziela dyspensy od wstrzemi\u0119\u017aliwo\u015bci od spo\u017cywania pokarm\u00f3w mi\u0119snych. Wierni korzystaj\u0105cy z dyspensy proszeni s\u0105 o podj\u0119cie uczynk\u00f3w &#8222;mi\u0142osiernej mi\u0142o\u015bci i pobo\u017cno\u015bci&#8221;.<\/em><\/strong><\/li>\n\n\n\n<li class=\"has-text-color has-link-color wp-elements-e3f019556b41a982519def98823d21b4\" style=\"color:#562701\"><strong><em>Uroczysto\u015b\u0107 NMP Kr\u00f3lowej Polski w tym roku pokrywa si\u0119 w&nbsp;kalendarzu z niedziel\u0105 w okresie wielkanocnym, dlatego liturgiczne obchody tego \u015bwi\u0119ta zosta\u0142y przesuni\u0119te na sobot\u0119 (2 maja). Zapraszamy na msz\u0119 \u015bwi\u0119t\u0105 o godz. 18.00.<\/em><\/strong><\/li>\n\n\n\n<li class=\"has-text-color has-link-color wp-elements-a5dd73be5e965c2699b00a64d2f65849\" style=\"color:#562701\"><strong><em>W sobot\u0119 b\u0119dziemy si\u0119 tak\u017ce modli\u0107 w intencji naszej Stra\u017cy Po\u017carnej \u201ePomoc Malta\u0144ska\u201d w Klebarku Wielkim. A to z racji przypadaj\u0105cego w poniedzia\u0142ek wspomnienia, \u015bw. Floriana.<\/em><\/strong><\/li>\n\n\n\n<li class=\"has-text-color has-link-color wp-elements-67dffafd9a872541531e4200631523ff\" style=\"color:#562701\"><strong><em>Polecamy nowe numery \u201eGo\u015bcia Niedzielnego\u201d i \u201eMa\u0142ego Go\u015bcia\u201d<\/em><\/strong>.<\/li>\n<\/ol>\n","protected":false},"excerpt":{"rendered":"<p>Tylko ten jest \u201edobrym pasterzem\u201d, kto prowadzi owce ku jedynej \u201ebramie\u201d, jak\u0105 jest Chrystus. Ten kto pr\u00f3buje prowadzi\u0107 je w inne miejsce jest oszustem, za kt\u00f3rym nie powinno si\u0119 i\u015b\u0107, poniewa\u017c \u201ekto nie wchodzi do owczarni przez bram\u0119, ale wdziera si\u0119 inn\u0105 drog\u0105, ten jest z\u0142odziejem i rozb\u00f3jnikiem\u201d<\/p>\n","protected":false},"author":2,"featured_media":0,"comment_status":"closed","ping_status":"","sticky":false,"template":"","format":"standard","meta":{"footnotes":""},"categories":[1,6],"tags":[],"class_list":{"0":"entry","1":"post","2":"publish","3":"author-w-czuprynski","4":"post-6472","6":"format-standard","7":"category-bez-kategorii","8":"category-ogloszenia"},"_links":{"self":[{"href":"https:\/\/parafiaklebark.pl\/index.php\/wp-json\/wp\/v2\/posts\/6472","targetHints":{"allow":["GET"]}}],"collection":[{"href":"https:\/\/parafiaklebark.pl\/index.php\/wp-json\/wp\/v2\/posts"}],"about":[{"href":"https:\/\/parafiaklebark.pl\/index.php\/wp-json\/wp\/v2\/types\/post"}],"author":[{"embeddable":true,"href":"https:\/\/parafiaklebark.pl\/index.php\/wp-json\/wp\/v2\/users\/2"}],"replies":[{"embeddable":true,"href":"https:\/\/parafiaklebark.pl\/index.php\/wp-json\/wp\/v2\/comments?post=6472"}],"version-history":[{"count":4,"href":"https:\/\/parafiaklebark.pl\/index.php\/wp-json\/wp\/v2\/posts\/6472\/revisions"}],"predecessor-version":[{"id":6479,"href":"https:\/\/parafiaklebark.pl\/index.php\/wp-json\/wp\/v2\/posts\/6472\/revisions\/6479"}],"wp:attachment":[{"href":"https:\/\/parafiaklebark.pl\/index.php\/wp-json\/wp\/v2\/media?parent=6472"}],"wp:term":[{"taxonomy":"category","embeddable":true,"href":"https:\/\/parafiaklebark.pl\/index.php\/wp-json\/wp\/v2\/categories?post=6472"},{"taxonomy":"post_tag","embeddable":true,"href":"https:\/\/parafiaklebark.pl\/index.php\/wp-json\/wp\/v2\/tags?post=6472"}],"curies":[{"name":"wp","href":"https:\/\/api.w.org\/{rel}","templated":true}]}}