{"id":6954,"date":"2026-09-05T15:08:00","date_gmt":"2026-09-05T13:08:00","guid":{"rendered":"https:\/\/parafiaklebark.pl\/?p=6954"},"modified":"2026-09-06T08:13:07","modified_gmt":"2026-09-06T06:13:07","slug":"23-niedziela-zwykla-6-09-2026","status":"publish","type":"post","link":"https:\/\/parafiaklebark.pl\/index.php\/2026\/09\/05\/23-niedziela-zwykla-6-09-2026\/","title":{"rendered":"23. Niedziela zwyk\u0142a (06.09.2026)"},"content":{"rendered":"\n<figure class=\"wp-block-image size-large\"><img loading=\"lazy\" decoding=\"async\" width=\"1024\" height=\"470\" src=\"https:\/\/parafiaklebark.pl\/wp-content\/uploads\/2026\/09\/961b09de-abff-44ee-94a4-a104086ad4d4-1024x470.jpg\" alt=\"\" class=\"wp-image-6955\" srcset=\"https:\/\/parafiaklebark.pl\/wp-content\/uploads\/2026\/09\/961b09de-abff-44ee-94a4-a104086ad4d4-1024x470.jpg 1024w, https:\/\/parafiaklebark.pl\/wp-content\/uploads\/2026\/09\/961b09de-abff-44ee-94a4-a104086ad4d4-300x138.jpg 300w, https:\/\/parafiaklebark.pl\/wp-content\/uploads\/2026\/09\/961b09de-abff-44ee-94a4-a104086ad4d4-768x352.jpg 768w, https:\/\/parafiaklebark.pl\/wp-content\/uploads\/2026\/09\/961b09de-abff-44ee-94a4-a104086ad4d4.jpg 1376w\" sizes=\"auto, (max-width: 1024px) 100vw, 1024px\" \/><\/figure>\n\n\n\n<p class=\"has-text-align-center has-text-color has-link-color wp-elements-152e502d87f75cf93a3cf94dbe981b69 wp-block-paragraph\" style=\"color:#294001\"><em><strong>\u201eJe\u015bli dwaj z was na ziemi zgodnie o co\u015b prosi\u0107 b\u0119d\u0105, to wszystkiego u\u017cyczy im m\u00f3j Ojciec, kt\u00f3ry jest w niebie. Bo gdzie s\u0105 dwaj albo trzej <\/strong><\/em><br><em><strong>zebrani w imi\u0119 moje, tam jestem po\u015br\u00f3d nich\u201d.<\/strong><\/em><br><strong><em>To jest najpi\u0119kniejsza dobra nowina: \u017ce wsp\u00f3lnota ludzi grzesznych, s\u0142abych, kt\u00f3rzy zamiast budowa\u0107 potrafi\u0105 siebie nawzajem niszczy\u0107, zamiast wybacza\u0107 oskar\u017caj\u0105 <\/em><\/strong><br><strong><em>mo\u017ce by\u0107 miejscem obecno\u015bci Jezusa w \u015bwiecie.<\/em><\/strong><\/p>\n\n\n\n<figure class=\"wp-block-image size-large\"><img loading=\"lazy\" decoding=\"async\" width=\"1024\" height=\"175\" src=\"https:\/\/parafiaklebark.pl\/wp-content\/uploads\/2026\/07\/Logo-2-1024x175.jpg\" alt=\"\" class=\"wp-image-6610\" srcset=\"https:\/\/parafiaklebark.pl\/wp-content\/uploads\/2026\/07\/Logo-2-1024x175.jpg 1024w, https:\/\/parafiaklebark.pl\/wp-content\/uploads\/2026\/07\/Logo-2-300x51.jpg 300w, https:\/\/parafiaklebark.pl\/wp-content\/uploads\/2026\/07\/Logo-2-768x131.jpg 768w, https:\/\/parafiaklebark.pl\/wp-content\/uploads\/2026\/07\/Logo-2-1536x262.jpg 1536w, https:\/\/parafiaklebark.pl\/wp-content\/uploads\/2026\/07\/Logo-2-2048x350.jpg 2048w\" sizes=\"auto, (max-width: 1024px) 100vw, 1024px\" \/><\/figure>\n\n\n\n<ol style=\"color:#3d310a\" class=\"wp-block-list has-text-color has-link-color wp-elements-ea99ef98c889bf5fef9c5ac7b8385567\">\n<li><strong><em>Wczoraj odby\u0142a si\u0119 nasza parafialna pielgrzymka piesza do Gietrzwa\u0142du. Dzi\u0119kuj\u0119 wszystkim p\u0105tnikom za wsp\u00f3lne pielgrzymowanie i modlitw\u0119.<\/em><\/strong><\/li>\n\n\n\n<li><strong><em>We wtorek \u015bwi\u0119to Narodzenia NMP, to zarazem historyczny drugi tytu\u0142 naszej \u015bwi\u0105tyni. Zapraszamy do wsp\u00f3lnej modlitwy.<\/em><\/strong><\/li>\n\n\n\n<li><strong><em>We wtorek po mszy \u015bwi\u0119tej spotkanie Rady Parafialnej. Wszystkich cz\u0142onk\u00f3w Rady serdecznie zapraszam.<\/em><\/strong><\/li>\n\n\n\n<li><strong><em>Po przerwie wakacyjnej wznawiamy spotkania formacyjne. I tak:<\/em><\/strong>\n<ul class=\"wp-block-list\">\n<li><strong><em>wsp\u00f3lnota \u017ce\u0144ska \u201eFiliae Regis\u201d \u2013 w \u015brod\u0119 po mszy \u015bwi\u0119tej<\/em><\/strong><\/li>\n\n\n\n<li><strong><em>wsp\u00f3lnota m\u0119ska \u2013 w czwartek o godz. 20.00<\/em><\/strong><\/li>\n<\/ul>\n<\/li>\n\n\n\n<li><strong><em>W przysz\u0142\u0105 niedziel\u0119 (13.09.2026) po mszy \u015bwi\u0119tej o 12.30 spotkanie dla rodzic\u00f3w I-komunijnych, a za dwa tygodnie (20.09.2026) spotkanie dla kandydat\u00f3w do bierzmowania.<\/em><\/strong><\/li>\n\n\n\n<li><strong><em>Za 2 tygodnie w sobot\u0119 19.09 rusza Studium \u017bycia Ma\u0142\u017ce\u0144skiego i&nbsp;Rodzinnego \u201euMOCnieni\u201d. Szczeg\u00f3\u0142owe informacje na naszej stronie internetowej lub u mnie.<\/em><\/strong><\/li>\n\n\n\n<li><strong><em>W \u015brod\u0119 pogrzeb \u015bp. Wiktorii Kowalewskiej \u2013 uczennicy naszej szko\u0142y. O 12.30 \u2013 r\u00f3\u017caniec, o 13.00 \u2013 msza \u015bwi\u0119ta. Wieczny odpoczynek racz jej da\u0107, Panie<\/em><\/strong>&#8230;<\/li>\n<\/ol>\n\n\n\n<figure class=\"wp-block-image size-full\"><img loading=\"lazy\" decoding=\"async\" width=\"1572\" height=\"1751\" src=\"https:\/\/parafiaklebark.pl\/wp-content\/uploads\/2026\/09\/KOMUNIKAT-ARCYBISKUPA-METROPOLITY-WARMINSKIEGO.jpg\" alt=\"\" class=\"wp-image-6956\" srcset=\"https:\/\/parafiaklebark.pl\/wp-content\/uploads\/2026\/09\/KOMUNIKAT-ARCYBISKUPA-METROPOLITY-WARMINSKIEGO.jpg 1572w, https:\/\/parafiaklebark.pl\/wp-content\/uploads\/2026\/09\/KOMUNIKAT-ARCYBISKUPA-METROPOLITY-WARMINSKIEGO-269x300.jpg 269w, https:\/\/parafiaklebark.pl\/wp-content\/uploads\/2026\/09\/KOMUNIKAT-ARCYBISKUPA-METROPOLITY-WARMINSKIEGO-919x1024.jpg 919w, https:\/\/parafiaklebark.pl\/wp-content\/uploads\/2026\/09\/KOMUNIKAT-ARCYBISKUPA-METROPOLITY-WARMINSKIEGO-768x855.jpg 768w, https:\/\/parafiaklebark.pl\/wp-content\/uploads\/2026\/09\/KOMUNIKAT-ARCYBISKUPA-METROPOLITY-WARMINSKIEGO-1379x1536.jpg 1379w\" sizes=\"auto, (max-width: 1572px) 100vw, 1572px\" \/><\/figure>\n","protected":false},"excerpt":{"rendered":"<p>\u201eJe\u015bli dwaj z was na ziemi zgodnie o co\u015b prosi\u0107 b\u0119d\u0105, to wszystkiego u\u017cyczy im m\u00f3j Ojciec, kt\u00f3ry jest w niebie. Bo gdzie s\u0105 dwaj albo trzej zebrani w imi\u0119 moje, tam jestem po\u015br\u00f3d nich\u201d.To jest najpi\u0119kniejsza dobra nowina: \u017ce wsp\u00f3lnota ludzi grzesznych, s\u0142abych, kt\u00f3rzy zamiast budowa\u0107 potrafi\u0105 siebie nawzajem niszczy\u0107, zamiast wybacza\u0107 oskar\u017caj\u0105 mo\u017ce &#8230; <span class=\"more\"><a class=\"more-link\" href=\"https:\/\/parafiaklebark.pl\/index.php\/2026\/09\/05\/23-niedziela-zwykla-6-09-2026\/\">[Czytaj dalej&#8230;]<\/a><\/span><\/p>\n","protected":false},"author":2,"featured_media":0,"comment_status":"closed","ping_status":"","sticky":false,"template":"","format":"standard","meta":{"footnotes":""},"categories":[1,6],"tags":[],"class_list":["entry","post","publish","author-w-czuprynski","post-6954","format-standard","category-bez-kategorii","category-ogloszenia"],"_links":{"self":[{"href":"https:\/\/parafiaklebark.pl\/index.php\/wp-json\/wp\/v2\/posts\/6954","targetHints":{"allow":["GET"]}}],"collection":[{"href":"https:\/\/parafiaklebark.pl\/index.php\/wp-json\/wp\/v2\/posts"}],"about":[{"href":"https:\/\/parafiaklebark.pl\/index.php\/wp-json\/wp\/v2\/types\/post"}],"author":[{"embeddable":true,"href":"https:\/\/parafiaklebark.pl\/index.php\/wp-json\/wp\/v2\/users\/2"}],"replies":[{"embeddable":true,"href":"https:\/\/parafiaklebark.pl\/index.php\/wp-json\/wp\/v2\/comments?post=6954"}],"version-history":[{"count":7,"href":"https:\/\/parafiaklebark.pl\/index.php\/wp-json\/wp\/v2\/posts\/6954\/revisions"}],"predecessor-version":[{"id":6990,"href":"https:\/\/parafiaklebark.pl\/index.php\/wp-json\/wp\/v2\/posts\/6954\/revisions\/6990"}],"wp:attachment":[{"href":"https:\/\/parafiaklebark.pl\/index.php\/wp-json\/wp\/v2\/media?parent=6954"}],"wp:term":[{"taxonomy":"category","embeddable":true,"href":"https:\/\/parafiaklebark.pl\/index.php\/wp-json\/wp\/v2\/categories?post=6954"},{"taxonomy":"post_tag","embeddable":true,"href":"https:\/\/parafiaklebark.pl\/index.php\/wp-json\/wp\/v2\/tags?post=6954"}],"curies":[{"name":"wp","href":"https:\/\/api.w.org\/{rel}","templated":true}]}}